{"id":6476,"date":"2018-07-09T21:43:31","date_gmt":"2018-07-09T20:43:31","guid":{"rendered":"http:\/\/www.triathlon-gemuenden.de\/?p=6476"},"modified":"2018-07-09T21:43:31","modified_gmt":"2018-07-09T20:43:31","slug":"swim-run-in-karlstadt","status":"publish","type":"post","link":"https:\/\/www.triathlon-gemuenden.de\/?p=6476","title":{"rendered":"Swim &#038; Run in Karlstadt"},"content":{"rendered":"<p>Beim Swim &amp; Run in Karlstadt waren 16 Kinder und Jugendliche f\u00fcr den ESV Gem\u00fcnden am Start. Auch bei diesem Wettkampf zeigte sich wieder die gute Jugendarbeit der Triathlon-Abteilung. Folgende Pl\u00e4tze wurden erreicht:<\/p>\n<p><u>Sch\u00fclerinnen D:<\/u><\/p>\n<p>1.Platz: Hannah Schmitt; 2.Platz: Emy Wirthmann<\/p>\n<p><u>Sch\u00fclerinnen C:<\/u><\/p>\n<p>1.Platz: Evelyn Gumpp; 5.Platz: Klara Weigand; 6.Platz: Amelie Rauch; 7.Platz: Sarah K\u00f6hler<\/p>\n<p><u>Sch\u00fcler C:<\/u><\/p>\n<p>8.Platz: Theo St\u00fcrzenberger<\/p>\n<p><u>Sch\u00fclerinnen A:<\/u><\/p>\n<p>1.Platz Hannah Beller; 2.Platz: Franziska Schelbert<\/p>\n<p><u>Sch\u00fcler A:<\/u><\/p>\n<p>3.Platz: Falk Nagel; 5.Platz: Linus Weigand<\/p>\n<p><u>Jugend B (w):<\/u><\/p>\n<p>2.Platz: Jana Beller; 3.Platz: Karla Nagel<\/p>\n<p><u>Jugend A (w):<\/u><\/p>\n<p>1.Platz: Antonia Gardeike; 2.Platz: Lea Brand<\/p>\n<p><u>Jugend A (m):<\/u><\/p>\n<p>1.Platz: Paul Weigand<\/p>\n<p>&nbsp;<\/p>\n<p>Evelyn Gumpp, Hannah Beller und Antonia Gardeike sind jeweils Siegerinnen im Unterfranken-Cup.<\/p>\n<p><a href=\"https:\/\/www.triathlon-gemuenden.de\/wp-content\/uploads\/2018\/07\/Gruppe-mit-Pokal.jpg\"><img fetchpriority=\"high\" decoding=\"async\" class=\"alignnone size-medium wp-image-6482\" src=\"https:\/\/www.triathlon-gemuenden.de\/wp-content\/uploads\/2018\/07\/Gruppe-mit-Pokal-300x200.jpg\" alt=\"\" width=\"300\" height=\"200\" srcset=\"https:\/\/www.triathlon-gemuenden.de\/wp-content\/uploads\/2018\/07\/Gruppe-mit-Pokal-300x200.jpg 300w, https:\/\/www.triathlon-gemuenden.de\/wp-content\/uploads\/2018\/07\/Gruppe-mit-Pokal-768x512.jpg 768w, https:\/\/www.triathlon-gemuenden.de\/wp-content\/uploads\/2018\/07\/Gruppe-mit-Pokal-1024x683.jpg 1024w, https:\/\/www.triathlon-gemuenden.de\/wp-content\/uploads\/2018\/07\/Gruppe-mit-Pokal.jpg 1500w\" sizes=\"(max-width: 300px) 100vw, 300px\" \/><\/a> <a href=\"https:\/\/www.triathlon-gemuenden.de\/wp-content\/uploads\/2018\/07\/Gruppe.jpg\"><img decoding=\"async\" class=\"alignnone size-medium wp-image-6477\" src=\"https:\/\/www.triathlon-gemuenden.de\/wp-content\/uploads\/2018\/07\/Gruppe-300x200.jpg\" alt=\"\" width=\"300\" height=\"200\" srcset=\"https:\/\/www.triathlon-gemuenden.de\/wp-content\/uploads\/2018\/07\/Gruppe-300x200.jpg 300w, https:\/\/www.triathlon-gemuenden.de\/wp-content\/uploads\/2018\/07\/Gruppe-768x512.jpg 768w, https:\/\/www.triathlon-gemuenden.de\/wp-content\/uploads\/2018\/07\/Gruppe-1024x683.jpg 1024w, https:\/\/www.triathlon-gemuenden.de\/wp-content\/uploads\/2018\/07\/Gruppe.jpg 1500w\" sizes=\"(max-width: 300px) 100vw, 300px\" \/><\/a><\/p>\n<p><a href=\"https:\/\/www.triathlon-gemuenden.de\/wp-content\/uploads\/2018\/07\/Falk.jpg\"><img decoding=\"async\" class=\"alignnone size-medium wp-image-6480\" src=\"https:\/\/www.triathlon-gemuenden.de\/wp-content\/uploads\/2018\/07\/Falk-300x200.jpg\" alt=\"\" width=\"300\" height=\"200\" srcset=\"https:\/\/www.triathlon-gemuenden.de\/wp-content\/uploads\/2018\/07\/Falk-300x200.jpg 300w, https:\/\/www.triathlon-gemuenden.de\/wp-content\/uploads\/2018\/07\/Falk-768x512.jpg 768w, https:\/\/www.triathlon-gemuenden.de\/wp-content\/uploads\/2018\/07\/Falk-1024x683.jpg 1024w, https:\/\/www.triathlon-gemuenden.de\/wp-content\/uploads\/2018\/07\/Falk.jpg 1500w\" sizes=\"(max-width: 300px) 100vw, 300px\" \/><\/a> <a href=\"https:\/\/www.triathlon-gemuenden.de\/wp-content\/uploads\/2018\/07\/Evelyn.jpg\"><img loading=\"lazy\" decoding=\"async\" class=\"alignnone size-medium wp-image-6479\" src=\"https:\/\/www.triathlon-gemuenden.de\/wp-content\/uploads\/2018\/07\/Evelyn-300x200.jpg\" alt=\"\" width=\"300\" height=\"200\" srcset=\"https:\/\/www.triathlon-gemuenden.de\/wp-content\/uploads\/2018\/07\/Evelyn-300x200.jpg 300w, https:\/\/www.triathlon-gemuenden.de\/wp-content\/uploads\/2018\/07\/Evelyn-768x512.jpg 768w, https:\/\/www.triathlon-gemuenden.de\/wp-content\/uploads\/2018\/07\/Evelyn-1024x683.jpg 1024w, https:\/\/www.triathlon-gemuenden.de\/wp-content\/uploads\/2018\/07\/Evelyn.jpg 1500w\" sizes=\"(max-width: 300px) 100vw, 300px\" \/><\/a><\/p>\n<p><a href=\"https:\/\/www.triathlon-gemuenden.de\/wp-content\/uploads\/2018\/07\/Theo.jpg\"><img loading=\"lazy\" decoding=\"async\" class=\"alignnone size-medium wp-image-6493\" src=\"https:\/\/www.triathlon-gemuenden.de\/wp-content\/uploads\/2018\/07\/Theo-200x300.jpg\" alt=\"\" width=\"200\" height=\"300\" srcset=\"https:\/\/www.triathlon-gemuenden.de\/wp-content\/uploads\/2018\/07\/Theo-200x300.jpg 200w, https:\/\/www.triathlon-gemuenden.de\/wp-content\/uploads\/2018\/07\/Theo-768x1152.jpg 768w, https:\/\/www.triathlon-gemuenden.de\/wp-content\/uploads\/2018\/07\/Theo-683x1024.jpg 683w, https:\/\/www.triathlon-gemuenden.de\/wp-content\/uploads\/2018\/07\/Theo.jpg 1000w\" sizes=\"(max-width: 200px) 100vw, 200px\" \/><\/a> <a href=\"https:\/\/www.triathlon-gemuenden.de\/wp-content\/uploads\/2018\/07\/Sch\u00fcler-C-2.jpg\"><img loading=\"lazy\" decoding=\"async\" class=\"alignnone size-medium wp-image-6492\" src=\"https:\/\/www.triathlon-gemuenden.de\/wp-content\/uploads\/2018\/07\/Sch\u00fcler-C-2-200x300.jpg\" alt=\"\" width=\"200\" height=\"300\" srcset=\"https:\/\/www.triathlon-gemuenden.de\/wp-content\/uploads\/2018\/07\/Sch\u00fcler-C-2-200x300.jpg 200w, https:\/\/www.triathlon-gemuenden.de\/wp-content\/uploads\/2018\/07\/Sch\u00fcler-C-2-768x1152.jpg 768w, https:\/\/www.triathlon-gemuenden.de\/wp-content\/uploads\/2018\/07\/Sch\u00fcler-C-2-683x1024.jpg 683w, https:\/\/www.triathlon-gemuenden.de\/wp-content\/uploads\/2018\/07\/Sch\u00fcler-C-2.jpg 1000w\" sizes=\"(max-width: 200px) 100vw, 200px\" \/><\/a> <a href=\"https:\/\/www.triathlon-gemuenden.de\/wp-content\/uploads\/2018\/07\/Sch\u00fcler-C-1.jpg\"><img loading=\"lazy\" decoding=\"async\" class=\"alignnone size-medium wp-image-6491\" src=\"https:\/\/www.triathlon-gemuenden.de\/wp-content\/uploads\/2018\/07\/Sch\u00fcler-C-1-200x300.jpg\" alt=\"\" width=\"200\" height=\"300\" srcset=\"https:\/\/www.triathlon-gemuenden.de\/wp-content\/uploads\/2018\/07\/Sch\u00fcler-C-1-200x300.jpg 200w, https:\/\/www.triathlon-gemuenden.de\/wp-content\/uploads\/2018\/07\/Sch\u00fcler-C-1-768x1152.jpg 768w, https:\/\/www.triathlon-gemuenden.de\/wp-content\/uploads\/2018\/07\/Sch\u00fcler-C-1-683x1024.jpg 683w, https:\/\/www.triathlon-gemuenden.de\/wp-content\/uploads\/2018\/07\/Sch\u00fcler-C-1.jpg 1000w\" sizes=\"(max-width: 200px) 100vw, 200px\" \/><\/a> <a href=\"https:\/\/www.triathlon-gemuenden.de\/wp-content\/uploads\/2018\/07\/Sarah.jpg\"><img loading=\"lazy\" decoding=\"async\" class=\"alignnone size-medium wp-image-6490\" src=\"https:\/\/www.triathlon-gemuenden.de\/wp-content\/uploads\/2018\/07\/Sarah-200x300.jpg\" alt=\"\" width=\"200\" height=\"300\" srcset=\"https:\/\/www.triathlon-gemuenden.de\/wp-content\/uploads\/2018\/07\/Sarah-200x300.jpg 200w, https:\/\/www.triathlon-gemuenden.de\/wp-content\/uploads\/2018\/07\/Sarah-768x1152.jpg 768w, https:\/\/www.triathlon-gemuenden.de\/wp-content\/uploads\/2018\/07\/Sarah-683x1024.jpg 683w, https:\/\/www.triathlon-gemuenden.de\/wp-content\/uploads\/2018\/07\/Sarah.jpg 1000w\" sizes=\"(max-width: 200px) 100vw, 200px\" \/><\/a> <a href=\"https:\/\/www.triathlon-gemuenden.de\/wp-content\/uploads\/2018\/07\/Klara.jpg\"><img loading=\"lazy\" decoding=\"async\" class=\"alignnone size-medium wp-image-6486\" src=\"https:\/\/www.triathlon-gemuenden.de\/wp-content\/uploads\/2018\/07\/Klara-200x300.jpg\" alt=\"\" width=\"200\" height=\"300\" srcset=\"https:\/\/www.triathlon-gemuenden.de\/wp-content\/uploads\/2018\/07\/Klara-200x300.jpg 200w, https:\/\/www.triathlon-gemuenden.de\/wp-content\/uploads\/2018\/07\/Klara-768x1152.jpg 768w, https:\/\/www.triathlon-gemuenden.de\/wp-content\/uploads\/2018\/07\/Klara-683x1024.jpg 683w, https:\/\/www.triathlon-gemuenden.de\/wp-content\/uploads\/2018\/07\/Klara.jpg 1000w\" sizes=\"(max-width: 200px) 100vw, 200px\" \/><\/a> <a href=\"https:\/\/www.triathlon-gemuenden.de\/wp-content\/uploads\/2018\/07\/Emy.jpg\"><img loading=\"lazy\" decoding=\"async\" class=\"alignnone size-medium wp-image-6478\" src=\"https:\/\/www.triathlon-gemuenden.de\/wp-content\/uploads\/2018\/07\/Emy-200x300.jpg\" alt=\"\" width=\"200\" height=\"300\" srcset=\"https:\/\/www.triathlon-gemuenden.de\/wp-content\/uploads\/2018\/07\/Emy-200x300.jpg 200w, https:\/\/www.triathlon-gemuenden.de\/wp-content\/uploads\/2018\/07\/Emy-768x1152.jpg 768w, https:\/\/www.triathlon-gemuenden.de\/wp-content\/uploads\/2018\/07\/Emy-683x1024.jpg 683w, https:\/\/www.triathlon-gemuenden.de\/wp-content\/uploads\/2018\/07\/Emy.jpg 1000w\" sizes=\"(max-width: 200px) 100vw, 200px\" \/><\/a><\/p>\n<p><a href=\"https:\/\/www.triathlon-gemuenden.de\/wp-content\/uploads\/2018\/07\/Toni.jpg\"><img loading=\"lazy\" decoding=\"async\" class=\"alignnone size-medium wp-image-6494\" src=\"https:\/\/www.triathlon-gemuenden.de\/wp-content\/uploads\/2018\/07\/Toni-200x300.jpg\" alt=\"\" width=\"200\" height=\"300\" srcset=\"https:\/\/www.triathlon-gemuenden.de\/wp-content\/uploads\/2018\/07\/Toni-200x300.jpg 200w, https:\/\/www.triathlon-gemuenden.de\/wp-content\/uploads\/2018\/07\/Toni-768x1152.jpg 768w, https:\/\/www.triathlon-gemuenden.de\/wp-content\/uploads\/2018\/07\/Toni-683x1024.jpg 683w, https:\/\/www.triathlon-gemuenden.de\/wp-content\/uploads\/2018\/07\/Toni.jpg 1000w\" sizes=\"(max-width: 200px) 100vw, 200px\" \/><\/a> <a href=\"https:\/\/www.triathlon-gemuenden.de\/wp-content\/uploads\/2018\/07\/Paul.jpg\"><img loading=\"lazy\" decoding=\"async\" class=\"alignnone size-medium wp-image-6489\" src=\"https:\/\/www.triathlon-gemuenden.de\/wp-content\/uploads\/2018\/07\/Paul-200x300.jpg\" alt=\"\" width=\"200\" height=\"300\" srcset=\"https:\/\/www.triathlon-gemuenden.de\/wp-content\/uploads\/2018\/07\/Paul-200x300.jpg 200w, https:\/\/www.triathlon-gemuenden.de\/wp-content\/uploads\/2018\/07\/Paul-768x1152.jpg 768w, https:\/\/www.triathlon-gemuenden.de\/wp-content\/uploads\/2018\/07\/Paul-683x1024.jpg 683w, https:\/\/www.triathlon-gemuenden.de\/wp-content\/uploads\/2018\/07\/Paul.jpg 1000w\" sizes=\"(max-width: 200px) 100vw, 200px\" \/><\/a> <a href=\"https:\/\/www.triathlon-gemuenden.de\/wp-content\/uploads\/2018\/07\/Linus.jpg\"><img loading=\"lazy\" decoding=\"async\" class=\"alignnone size-medium wp-image-6488\" src=\"https:\/\/www.triathlon-gemuenden.de\/wp-content\/uploads\/2018\/07\/Linus-200x300.jpg\" alt=\"\" width=\"200\" height=\"300\" srcset=\"https:\/\/www.triathlon-gemuenden.de\/wp-content\/uploads\/2018\/07\/Linus-200x300.jpg 200w, https:\/\/www.triathlon-gemuenden.de\/wp-content\/uploads\/2018\/07\/Linus-768x1152.jpg 768w, https:\/\/www.triathlon-gemuenden.de\/wp-content\/uploads\/2018\/07\/Linus-683x1024.jpg 683w, https:\/\/www.triathlon-gemuenden.de\/wp-content\/uploads\/2018\/07\/Linus.jpg 1000w\" sizes=\"(max-width: 200px) 100vw, 200px\" \/><\/a> <a href=\"https:\/\/www.triathlon-gemuenden.de\/wp-content\/uploads\/2018\/07\/Lea.jpg\"><img loading=\"lazy\" decoding=\"async\" class=\"alignnone size-medium wp-image-6487\" src=\"https:\/\/www.triathlon-gemuenden.de\/wp-content\/uploads\/2018\/07\/Lea-200x300.jpg\" alt=\"\" width=\"200\" height=\"300\" srcset=\"https:\/\/www.triathlon-gemuenden.de\/wp-content\/uploads\/2018\/07\/Lea-200x300.jpg 200w, https:\/\/www.triathlon-gemuenden.de\/wp-content\/uploads\/2018\/07\/Lea-768x1152.jpg 768w, https:\/\/www.triathlon-gemuenden.de\/wp-content\/uploads\/2018\/07\/Lea-683x1024.jpg 683w, https:\/\/www.triathlon-gemuenden.de\/wp-content\/uploads\/2018\/07\/Lea.jpg 1000w\" sizes=\"(max-width: 200px) 100vw, 200px\" \/><\/a> <a href=\"https:\/\/www.triathlon-gemuenden.de\/wp-content\/uploads\/2018\/07\/Karla.jpg\"><img loading=\"lazy\" decoding=\"async\" class=\"alignnone size-medium wp-image-6485\" src=\"https:\/\/www.triathlon-gemuenden.de\/wp-content\/uploads\/2018\/07\/Karla-200x300.jpg\" alt=\"\" width=\"200\" height=\"300\" srcset=\"https:\/\/www.triathlon-gemuenden.de\/wp-content\/uploads\/2018\/07\/Karla-200x300.jpg 200w, https:\/\/www.triathlon-gemuenden.de\/wp-content\/uploads\/2018\/07\/Karla-768x1152.jpg 768w, https:\/\/www.triathlon-gemuenden.de\/wp-content\/uploads\/2018\/07\/Karla-683x1024.jpg 683w, https:\/\/www.triathlon-gemuenden.de\/wp-content\/uploads\/2018\/07\/Karla.jpg 1000w\" sizes=\"(max-width: 200px) 100vw, 200px\" \/><\/a> <a href=\"https:\/\/www.triathlon-gemuenden.de\/wp-content\/uploads\/2018\/07\/Jana.jpg\"><img loading=\"lazy\" decoding=\"async\" class=\"alignnone size-medium wp-image-6484\" src=\"https:\/\/www.triathlon-gemuenden.de\/wp-content\/uploads\/2018\/07\/Jana-200x300.jpg\" alt=\"\" width=\"200\" height=\"300\" srcset=\"https:\/\/www.triathlon-gemuenden.de\/wp-content\/uploads\/2018\/07\/Jana-200x300.jpg 200w, https:\/\/www.triathlon-gemuenden.de\/wp-content\/uploads\/2018\/07\/Jana-768x1152.jpg 768w, https:\/\/www.triathlon-gemuenden.de\/wp-content\/uploads\/2018\/07\/Jana-683x1024.jpg 683w, https:\/\/www.triathlon-gemuenden.de\/wp-content\/uploads\/2018\/07\/Jana.jpg 1000w\" sizes=\"(max-width: 200px) 100vw, 200px\" \/><\/a> <a href=\"https:\/\/www.triathlon-gemuenden.de\/wp-content\/uploads\/2018\/07\/Hannah.jpg\"><img loading=\"lazy\" decoding=\"async\" class=\"alignnone size-medium wp-image-6483\" src=\"https:\/\/www.triathlon-gemuenden.de\/wp-content\/uploads\/2018\/07\/Hannah-200x300.jpg\" alt=\"\" width=\"200\" height=\"300\" srcset=\"https:\/\/www.triathlon-gemuenden.de\/wp-content\/uploads\/2018\/07\/Hannah-200x300.jpg 200w, https:\/\/www.triathlon-gemuenden.de\/wp-content\/uploads\/2018\/07\/Hannah-768x1152.jpg 768w, https:\/\/www.triathlon-gemuenden.de\/wp-content\/uploads\/2018\/07\/Hannah-683x1024.jpg 683w, https:\/\/www.triathlon-gemuenden.de\/wp-content\/uploads\/2018\/07\/Hannah.jpg 1000w\" sizes=\"(max-width: 200px) 100vw, 200px\" \/><\/a><a href=\"https:\/\/www.triathlon-gemuenden.de\/wp-content\/uploads\/2018\/07\/Franziska-e1531168951651.jpg\"><img loading=\"lazy\" decoding=\"async\" class=\"alignnone size-medium wp-image-6481\" src=\"https:\/\/www.triathlon-gemuenden.de\/wp-content\/uploads\/2018\/07\/Franziska-e1531168951651-200x300.jpg\" alt=\"\" width=\"200\" height=\"300\" srcset=\"https:\/\/www.triathlon-gemuenden.de\/wp-content\/uploads\/2018\/07\/Franziska-e1531168951651-200x300.jpg 200w, https:\/\/www.triathlon-gemuenden.de\/wp-content\/uploads\/2018\/07\/Franziska-e1531168951651-768x1152.jpg 768w, https:\/\/www.triathlon-gemuenden.de\/wp-content\/uploads\/2018\/07\/Franziska-e1531168951651-683x1024.jpg 683w, https:\/\/www.triathlon-gemuenden.de\/wp-content\/uploads\/2018\/07\/Franziska-e1531168951651.jpg 1000w\" sizes=\"(max-width: 200px) 100vw, 200px\" \/><\/a><\/p>\n","protected":false},"excerpt":{"rendered":"<p>Beim Swim &amp; Run in Karlstadt waren 16 Kinder und Jugendliche f\u00fcr den ESV Gem\u00fcnden am Start. Auch bei diesem Wettkampf zeigte sich wieder die gute Jugendarbeit der Triathlon-Abteilung. Folgende Pl\u00e4tze wurden erreicht: Sch\u00fclerinnen D: 1.Platz: Hannah Schmitt; 2.Platz: Emy Wirthmann Sch\u00fclerinnen C: 1.Platz: Evelyn Gumpp; 5.Platz: Klara Weigand; 6.Platz: Amelie Rauch; 7.Platz: Sarah K\u00f6hler &hellip; <\/p>\n<p class=\"link-more\"><a href=\"https:\/\/www.triathlon-gemuenden.de\/?p=6476\" class=\"more-link\">Mehr <span class=\"screen-reader-text\">\u00fcber &#8222;Swim &#038; Run in Karlstadt&#8220; <\/span>Lesen<\/a><\/p>\n","protected":false},"author":5,"featured_media":0,"comment_status":"closed","ping_status":"closed","sticky":false,"template":"","format":"standard","meta":{"footnotes":""},"categories":[1],"tags":[],"class_list":["post-6476","post","type-post","status-publish","format-standard","hentry","category-news"],"_links":{"self":[{"href":"https:\/\/www.triathlon-gemuenden.de\/index.php?rest_route=\/wp\/v2\/posts\/6476","targetHints":{"allow":["GET"]}}],"collection":[{"href":"https:\/\/www.triathlon-gemuenden.de\/index.php?rest_route=\/wp\/v2\/posts"}],"about":[{"href":"https:\/\/www.triathlon-gemuenden.de\/index.php?rest_route=\/wp\/v2\/types\/post"}],"author":[{"embeddable":true,"href":"https:\/\/www.triathlon-gemuenden.de\/index.php?rest_route=\/wp\/v2\/users\/5"}],"replies":[{"embeddable":true,"href":"https:\/\/www.triathlon-gemuenden.de\/index.php?rest_route=%2Fwp%2Fv2%2Fcomments&post=6476"}],"version-history":[{"count":1,"href":"https:\/\/www.triathlon-gemuenden.de\/index.php?rest_route=\/wp\/v2\/posts\/6476\/revisions"}],"predecessor-version":[{"id":6495,"href":"https:\/\/www.triathlon-gemuenden.de\/index.php?rest_route=\/wp\/v2\/posts\/6476\/revisions\/6495"}],"wp:attachment":[{"href":"https:\/\/www.triathlon-gemuenden.de\/index.php?rest_route=%2Fwp%2Fv2%2Fmedia&parent=6476"}],"wp:term":[{"taxonomy":"category","embeddable":true,"href":"https:\/\/www.triathlon-gemuenden.de\/index.php?rest_route=%2Fwp%2Fv2%2Fcategories&post=6476"},{"taxonomy":"post_tag","embeddable":true,"href":"https:\/\/www.triathlon-gemuenden.de\/index.php?rest_route=%2Fwp%2Fv2%2Ftags&post=6476"}],"curies":[{"name":"wp","href":"https:\/\/api.w.org\/{rel}","templated":true}]}}