{"id":5296,"date":"2016-07-18T20:15:33","date_gmt":"2016-07-18T19:15:33","guid":{"rendered":"http:\/\/www.triathlon-gemuenden.de\/?p=5296"},"modified":"2016-07-18T20:20:27","modified_gmt":"2016-07-18T19:20:27","slug":"radtour-zum-staffelberg","status":"publish","type":"post","link":"https:\/\/www.triathlon-gemuenden.de\/?p=5296","title":{"rendered":"Radtour zum Staffelberg"},"content":{"rendered":"<p>Auf besonderen Wunsch von Norbert haben sich am Sonntag 6 von den &#8222;alten&#8220; Triathleten auf den Weg zum Staffelberg gemacht. Start 7:00 Uhr\u00a0 Marktplatz Gem\u00fcnden und kernige 250km f\u00fcr hin- und R\u00fcckweg standen auf dem Plan.<br \/>\nDie 4\u00a0 Strophen vom Frankenlied,\u00a0 gesungen am H\u00f6hepunkt fanden begeisterte Zuschauer.<\/p>\n<p><a href=\"https:\/\/www.triathlon-gemuenden.de\/wp-content\/uploads\/2016\/07\/IMG_20160717_125754.jpg\"><img decoding=\"async\" class=\"alignnone wp-image-5297\" src=\"https:\/\/www.triathlon-gemuenden.de\/wp-content\/uploads\/2016\/07\/IMG_20160717_125754-150x150.jpg\" alt=\"IMG_20160717_125754\" width=\"168\" height=\"168\" \/><\/a><\/p>\n","protected":false},"excerpt":{"rendered":"<p>Auf besonderen Wunsch von Norbert haben sich am Sonntag 6 von den &#8222;alten&#8220; Triathleten auf den Weg zum Staffelberg gemacht. Start 7:00 Uhr\u00a0 Marktplatz Gem\u00fcnden und kernige 250km f\u00fcr hin- und R\u00fcckweg standen auf dem Plan. Die 4\u00a0 Strophen vom Frankenlied,\u00a0 gesungen am H\u00f6hepunkt fanden begeisterte Zuschauer.<\/p>\n","protected":false},"author":2,"featured_media":0,"comment_status":"closed","ping_status":"closed","sticky":false,"template":"","format":"standard","meta":{"footnotes":""},"categories":[1],"tags":[],"class_list":["post-5296","post","type-post","status-publish","format-standard","hentry","category-news"],"_links":{"self":[{"href":"https:\/\/www.triathlon-gemuenden.de\/index.php?rest_route=\/wp\/v2\/posts\/5296","targetHints":{"allow":["GET"]}}],"collection":[{"href":"https:\/\/www.triathlon-gemuenden.de\/index.php?rest_route=\/wp\/v2\/posts"}],"about":[{"href":"https:\/\/www.triathlon-gemuenden.de\/index.php?rest_route=\/wp\/v2\/types\/post"}],"author":[{"embeddable":true,"href":"https:\/\/www.triathlon-gemuenden.de\/index.php?rest_route=\/wp\/v2\/users\/2"}],"replies":[{"embeddable":true,"href":"https:\/\/www.triathlon-gemuenden.de\/index.php?rest_route=%2Fwp%2Fv2%2Fcomments&post=5296"}],"version-history":[{"count":3,"href":"https:\/\/www.triathlon-gemuenden.de\/index.php?rest_route=\/wp\/v2\/posts\/5296\/revisions"}],"predecessor-version":[{"id":5300,"href":"https:\/\/www.triathlon-gemuenden.de\/index.php?rest_route=\/wp\/v2\/posts\/5296\/revisions\/5300"}],"wp:attachment":[{"href":"https:\/\/www.triathlon-gemuenden.de\/index.php?rest_route=%2Fwp%2Fv2%2Fmedia&parent=5296"}],"wp:term":[{"taxonomy":"category","embeddable":true,"href":"https:\/\/www.triathlon-gemuenden.de\/index.php?rest_route=%2Fwp%2Fv2%2Fcategories&post=5296"},{"taxonomy":"post_tag","embeddable":true,"href":"https:\/\/www.triathlon-gemuenden.de\/index.php?rest_route=%2Fwp%2Fv2%2Ftags&post=5296"}],"curies":[{"name":"wp","href":"https:\/\/api.w.org\/{rel}","templated":true}]}}