{"id":5252,"date":"2016-07-17T17:56:47","date_gmt":"2016-07-17T16:56:47","guid":{"rendered":"http:\/\/www.triathlon-gemuenden.de\/?p=5252"},"modified":"2016-07-17T22:00:39","modified_gmt":"2016-07-17T21:00:39","slug":"bayerischer-vizemeister","status":"publish","type":"post","link":"https:\/\/www.triathlon-gemuenden.de\/?p=5252","title":{"rendered":"Unsere M\u00e4dchen sind Bayerischer Vizemeister"},"content":{"rendered":"<div id='gallery-1' class='gallery galleryid-5252 gallery-columns-4 gallery-size-thumbnail'><figure class='gallery-item'>\n\t\t\t<div class='gallery-icon landscape'>\n\t\t\t\t<a href='https:\/\/www.triathlon-gemuenden.de\/?attachment_id=5272'><img decoding=\"async\" width=\"150\" height=\"150\" src=\"https:\/\/www.triathlon-gemuenden.de\/wp-content\/uploads\/2016\/07\/P1090701-Kopie-1-150x150.jpg\" class=\"attachment-thumbnail size-thumbnail\" alt=\"\" sizes=\"100vw\" \/><\/a>\n\t\t\t<\/div><\/figure><figure class='gallery-item'>\n\t\t\t<div class='gallery-icon landscape'>\n\t\t\t\t<a href='https:\/\/www.triathlon-gemuenden.de\/?attachment_id=5273'><img decoding=\"async\" width=\"150\" height=\"150\" src=\"https:\/\/www.triathlon-gemuenden.de\/wp-content\/uploads\/2016\/07\/P1090710-Kopie-1-150x150.jpg\" class=\"attachment-thumbnail size-thumbnail\" alt=\"\" sizes=\"100vw\" \/><\/a>\n\t\t\t<\/div><\/figure><figure class='gallery-item'>\n\t\t\t<div class='gallery-icon landscape'>\n\t\t\t\t<a href='https:\/\/www.triathlon-gemuenden.de\/?attachment_id=5274'><img decoding=\"async\" width=\"150\" height=\"150\" src=\"https:\/\/www.triathlon-gemuenden.de\/wp-content\/uploads\/2016\/07\/P1090723-1-150x150.jpg\" class=\"attachment-thumbnail size-thumbnail\" alt=\"\" sizes=\"100vw\" \/><\/a>\n\t\t\t<\/div><\/figure><figure class='gallery-item'>\n\t\t\t<div class='gallery-icon landscape'>\n\t\t\t\t<a href='https:\/\/www.triathlon-gemuenden.de\/?attachment_id=5275'><img loading=\"lazy\" decoding=\"async\" width=\"150\" height=\"150\" src=\"https:\/\/www.triathlon-gemuenden.de\/wp-content\/uploads\/2016\/07\/P1090732-Kopie-1-150x150.jpg\" class=\"attachment-thumbnail size-thumbnail\" alt=\"\" sizes=\"100vw\" \/><\/a>\n\t\t\t<\/div><\/figure><figure class='gallery-item'>\n\t\t\t<div class='gallery-icon landscape'>\n\t\t\t\t<a href='https:\/\/www.triathlon-gemuenden.de\/?attachment_id=5276'><img loading=\"lazy\" decoding=\"async\" width=\"150\" height=\"150\" src=\"https:\/\/www.triathlon-gemuenden.de\/wp-content\/uploads\/2016\/07\/P1090739-Kopie-1-150x150.jpg\" class=\"attachment-thumbnail size-thumbnail\" alt=\"\" sizes=\"100vw\" \/><\/a>\n\t\t\t<\/div><\/figure><figure class='gallery-item'>\n\t\t\t<div class='gallery-icon landscape'>\n\t\t\t\t<a href='https:\/\/www.triathlon-gemuenden.de\/?attachment_id=5277'><img loading=\"lazy\" decoding=\"async\" width=\"150\" height=\"150\" src=\"https:\/\/www.triathlon-gemuenden.de\/wp-content\/uploads\/2016\/07\/P1090743-Kopie-1-150x150.jpg\" class=\"attachment-thumbnail size-thumbnail\" alt=\"\" sizes=\"100vw\" \/><\/a>\n\t\t\t<\/div><\/figure><figure class='gallery-item'>\n\t\t\t<div class='gallery-icon landscape'>\n\t\t\t\t<a href='https:\/\/www.triathlon-gemuenden.de\/?attachment_id=5278'><img loading=\"lazy\" decoding=\"async\" width=\"150\" height=\"150\" src=\"https:\/\/www.triathlon-gemuenden.de\/wp-content\/uploads\/2016\/07\/P1090748-Kopie-1-150x150.jpg\" class=\"attachment-thumbnail size-thumbnail\" alt=\"\" sizes=\"100vw\" \/><\/a>\n\t\t\t<\/div><\/figure><figure class='gallery-item'>\n\t\t\t<div class='gallery-icon landscape'>\n\t\t\t\t<a href='https:\/\/www.triathlon-gemuenden.de\/?attachment_id=5279'><img loading=\"lazy\" decoding=\"async\" width=\"150\" height=\"150\" src=\"https:\/\/www.triathlon-gemuenden.de\/wp-content\/uploads\/2016\/07\/P1090754-Kopie-1-150x150.jpg\" class=\"attachment-thumbnail size-thumbnail\" alt=\"\" sizes=\"100vw\" \/><\/a>\n\t\t\t<\/div><\/figure><figure class='gallery-item'>\n\t\t\t<div class='gallery-icon landscape'>\n\t\t\t\t<a href='https:\/\/www.triathlon-gemuenden.de\/?attachment_id=5280'><img loading=\"lazy\" decoding=\"async\" width=\"150\" height=\"150\" src=\"https:\/\/www.triathlon-gemuenden.de\/wp-content\/uploads\/2016\/07\/P1090755-Kopie-1-150x150.jpg\" class=\"attachment-thumbnail size-thumbnail\" alt=\"\" sizes=\"100vw\" \/><\/a>\n\t\t\t<\/div><\/figure><figure class='gallery-item'>\n\t\t\t<div class='gallery-icon landscape'>\n\t\t\t\t<a href='https:\/\/www.triathlon-gemuenden.de\/?attachment_id=5281'><img loading=\"lazy\" decoding=\"async\" width=\"150\" height=\"150\" src=\"https:\/\/www.triathlon-gemuenden.de\/wp-content\/uploads\/2016\/07\/P1090758-Kopie-1-150x150.jpg\" class=\"attachment-thumbnail size-thumbnail\" alt=\"\" sizes=\"100vw\" \/><\/a>\n\t\t\t<\/div><\/figure><figure class='gallery-item'>\n\t\t\t<div class='gallery-icon landscape'>\n\t\t\t\t<a href='https:\/\/www.triathlon-gemuenden.de\/?attachment_id=5282'><img loading=\"lazy\" decoding=\"async\" width=\"150\" height=\"150\" src=\"https:\/\/www.triathlon-gemuenden.de\/wp-content\/uploads\/2016\/07\/P1090760-Kopie-1-150x150.jpg\" class=\"attachment-thumbnail size-thumbnail\" alt=\"\" sizes=\"100vw\" \/><\/a>\n\t\t\t<\/div><\/figure><figure class='gallery-item'>\n\t\t\t<div class='gallery-icon portrait'>\n\t\t\t\t<a href='https:\/\/www.triathlon-gemuenden.de\/?attachment_id=5283'><img loading=\"lazy\" decoding=\"async\" width=\"150\" height=\"150\" src=\"https:\/\/www.triathlon-gemuenden.de\/wp-content\/uploads\/2016\/07\/P1090761-Kopie-1-150x150.jpg\" class=\"attachment-thumbnail size-thumbnail\" alt=\"\" sizes=\"100vw\" \/><\/a>\n\t\t\t<\/div><\/figure><figure class='gallery-item'>\n\t\t\t<div class='gallery-icon landscape'>\n\t\t\t\t<a href='https:\/\/www.triathlon-gemuenden.de\/?attachment_id=5284'><img loading=\"lazy\" decoding=\"async\" width=\"150\" height=\"150\" src=\"https:\/\/www.triathlon-gemuenden.de\/wp-content\/uploads\/2016\/07\/P1090766-Kopie-1-150x150.jpg\" class=\"attachment-thumbnail size-thumbnail\" alt=\"\" sizes=\"100vw\" \/><\/a>\n\t\t\t<\/div><\/figure><figure class='gallery-item'>\n\t\t\t<div class='gallery-icon landscape'>\n\t\t\t\t<a href='https:\/\/www.triathlon-gemuenden.de\/?attachment_id=5285'><img loading=\"lazy\" decoding=\"async\" width=\"150\" height=\"150\" src=\"https:\/\/www.triathlon-gemuenden.de\/wp-content\/uploads\/2016\/07\/P1090769-Kopie-1-150x150.jpg\" class=\"attachment-thumbnail size-thumbnail\" alt=\"\" sizes=\"100vw\" \/><\/a>\n\t\t\t<\/div><\/figure><figure class='gallery-item'>\n\t\t\t<div class='gallery-icon landscape'>\n\t\t\t\t<a href='https:\/\/www.triathlon-gemuenden.de\/?attachment_id=5286'><img loading=\"lazy\" decoding=\"async\" width=\"150\" height=\"150\" src=\"https:\/\/www.triathlon-gemuenden.de\/wp-content\/uploads\/2016\/07\/P1090771-Kopie-1-150x150.jpg\" class=\"attachment-thumbnail size-thumbnail\" alt=\"\" sizes=\"100vw\" \/><\/a>\n\t\t\t<\/div><\/figure><figure class='gallery-item'>\n\t\t\t<div class='gallery-icon landscape'>\n\t\t\t\t<a href='https:\/\/www.triathlon-gemuenden.de\/?attachment_id=5287'><img loading=\"lazy\" decoding=\"async\" width=\"150\" height=\"150\" src=\"https:\/\/www.triathlon-gemuenden.de\/wp-content\/uploads\/2016\/07\/P1090784-Kopie-1-150x150.jpg\" class=\"attachment-thumbnail size-thumbnail\" alt=\"\" sizes=\"100vw\" \/><\/a>\n\t\t\t<\/div><\/figure>\n\t\t<\/div>\n\n<p><strong>Gratulation zur Bayerischen Vizemeisterschaft<\/strong><\/p>\n<p>Unser ESV M\u00e4dchen sicherten sich beim Abschlusswettkampf der Bayerischen Meisterschaft in Grassau\/Chiemgau den Titel des Bayerischen Vizemeisters. Nach 11 Jahren gab es f\u00fcr den \u00a0ESV Gem\u00fcnden erstmals wieder eine Medaille bei Bayerischen Meisterschaften.<\/p>\n<p>400m Schwimmen im gerade mal 19 Grad k\u00fchlen Reifinger See, 10km Radfahren mit idyllischer Alpenkulisse und ein abschlie\u00dfender 2,5km Lauf \u00a0um den See waren in Grassau zu bew\u00e4ltigen. Unser Team mit Antonia, Lea, Greta und Paul zeigte wie in der gesamten Saison hervorragende Leistungen und wurde mit guten Einzelplatzierungen und \u00a0dem Bayerischen Vizemeistertitel in der Teamwertung belohnt<\/p>\n<p>Ergebnisse Grassau:\u00a0\u00a0\u00a0\u00a0\u00a0\u00a0\u00a0\u00a0\u00a0\u00a0\u00a0\u00a0 400m Schwimmen &#8211; 10 km Rad &#8211; 2,5 km Laufen<\/p>\n<table style=\"height: 147px;\" width=\"609\">\n<tbody>\n<tr>\n<td style=\"width: 365.033px;\">Antonia Gardeike \u00a0 \u00a0 \u00a0\u00a0 \u00a0\u00a0 38:04\u00a0 min\u00a0 \u00a0 \u00a0 \u00a0 Platz 4<\/td>\n<td style=\"width: 8.21667px;\"><\/td>\n<td style=\"width: 8.21667px;\"><\/td>\n<td style=\"width: 8.23333px;\"><\/td>\n<td style=\"width: 8.3px;\"><\/td>\n<\/tr>\n<tr>\n<td style=\"width: 365.033px;\">Lea Brand\u00a0\u00a0\u00a0\u00a0\u00a0\u00a0\u00a0\u00a0\u00a0\u00a0\u00a0\u00a0\u00a0\u00a0 \u00a0 \u00a0 \u00a0 \u00a0\u00a0 41:06 min \u00a0 \u00a0 \u00a0 \u00a0 Platz 7<\/td>\n<td style=\"width: 8.21667px;\"><\/td>\n<td style=\"width: 8.21667px;\"><\/td>\n<td style=\"width: 8.23333px;\"><\/td>\n<td style=\"width: 8.3px;\"><\/td>\n<\/tr>\n<tr>\n<td style=\"width: 365.033px;\">Greta Nagel\u00a0\u00a0\u00a0\u00a0\u00a0\u00a0\u00a0\u00a0\u00a0\u00a0\u00a0\u00a0\u00a0\u00a0\u00a0\u00a0\u00a0\u00a0\u00a0 43:59 min\u00a0\u00a0 \u00a0\u00a0 \u00a0\u00a0\u00a0 Platz 10<\/td>\n<td style=\"width: 8.21667px;\"><\/td>\n<td style=\"width: 8.21667px;\"><\/td>\n<td style=\"width: 8.23333px;\"><\/td>\n<td style=\"width: 8.3px;\"><\/td>\n<\/tr>\n<tr>\n<td style=\"width: 365.033px;\">Paul Weigand\u00a0\u00a0\u00a0\u00a0\u00a0\u00a0\u00a0\u00a0\u00a0\u00a0 \u00a0 \u00a0 \u00a0 39:11 min \u00a0 \u00a0 \u00a0 \u00a0\u00a0 Platz 9<\/td>\n<td style=\"width: 8.21667px;\"><\/td>\n<td style=\"width: 8.21667px;\"><\/td>\n<td style=\"width: 8.23333px;\"><\/td>\n<td style=\"width: 8.3px;\"><\/td>\n<\/tr>\n<\/tbody>\n<\/table>\n<p>Falk und Karla Nagel begleiteten unser Jugendteam nach Oberbayern. Bei den Sch\u00fclern C gelang Falk Platz 2 und wurde mit einem Pokal ausgezeichnet. Karla lief\u00a0 nach 800m Laufen-10 km Rad und 2,5 km Laufen in 45:17 min als Neunte ins Ziel.<\/p>\n","protected":false},"excerpt":{"rendered":"<p>Gratulation zur Bayerischen Vizemeisterschaft Unser ESV M\u00e4dchen sicherten sich beim Abschlusswettkampf der Bayerischen Meisterschaft in Grassau\/Chiemgau den Titel des Bayerischen Vizemeisters. Nach 11 Jahren gab es f\u00fcr den \u00a0ESV Gem\u00fcnden erstmals wieder eine Medaille bei Bayerischen Meisterschaften. 400m Schwimmen im gerade mal 19 Grad k\u00fchlen Reifinger See, 10km Radfahren mit idyllischer Alpenkulisse und ein abschlie\u00dfender &hellip; <\/p>\n<p class=\"link-more\"><a href=\"https:\/\/www.triathlon-gemuenden.de\/?p=5252\" class=\"more-link\">Mehr <span class=\"screen-reader-text\">\u00fcber &#8222;Unsere M\u00e4dchen sind Bayerischer Vizemeister&#8220; <\/span>Lesen<\/a><\/p>\n","protected":false},"author":3,"featured_media":5274,"comment_status":"closed","ping_status":"closed","sticky":false,"template":"","format":"standard","meta":{"footnotes":""},"categories":[1],"tags":[],"class_list":["post-5252","post","type-post","status-publish","format-standard","has-post-thumbnail","hentry","category-news"],"_links":{"self":[{"href":"https:\/\/www.triathlon-gemuenden.de\/index.php?rest_route=\/wp\/v2\/posts\/5252","targetHints":{"allow":["GET"]}}],"collection":[{"href":"https:\/\/www.triathlon-gemuenden.de\/index.php?rest_route=\/wp\/v2\/posts"}],"about":[{"href":"https:\/\/www.triathlon-gemuenden.de\/index.php?rest_route=\/wp\/v2\/types\/post"}],"author":[{"embeddable":true,"href":"https:\/\/www.triathlon-gemuenden.de\/index.php?rest_route=\/wp\/v2\/users\/3"}],"replies":[{"embeddable":true,"href":"https:\/\/www.triathlon-gemuenden.de\/index.php?rest_route=%2Fwp%2Fv2%2Fcomments&post=5252"}],"version-history":[{"count":9,"href":"https:\/\/www.triathlon-gemuenden.de\/index.php?rest_route=\/wp\/v2\/posts\/5252\/revisions"}],"predecessor-version":[{"id":5294,"href":"https:\/\/www.triathlon-gemuenden.de\/index.php?rest_route=\/wp\/v2\/posts\/5252\/revisions\/5294"}],"wp:featuredmedia":[{"embeddable":true,"href":"https:\/\/www.triathlon-gemuenden.de\/index.php?rest_route=\/wp\/v2\/media\/5274"}],"wp:attachment":[{"href":"https:\/\/www.triathlon-gemuenden.de\/index.php?rest_route=%2Fwp%2Fv2%2Fmedia&parent=5252"}],"wp:term":[{"taxonomy":"category","embeddable":true,"href":"https:\/\/www.triathlon-gemuenden.de\/index.php?rest_route=%2Fwp%2Fv2%2Fcategories&post=5252"},{"taxonomy":"post_tag","embeddable":true,"href":"https:\/\/www.triathlon-gemuenden.de\/index.php?rest_route=%2Fwp%2Fv2%2Ftags&post=5252"}],"curies":[{"name":"wp","href":"https:\/\/api.w.org\/{rel}","templated":true}]}}