{"id":4999,"date":"2016-04-24T16:13:14","date_gmt":"2016-04-24T15:13:14","guid":{"rendered":"http:\/\/www.triathlon-gemuenden.de\/?p=4999"},"modified":"2016-04-25T16:12:20","modified_gmt":"2016-04-25T15:12:20","slug":"platz-2-in-der-teamwertung-nach-den-bayer-meisterschaft-im-duathlon-verteidigt","status":"publish","type":"post","link":"https:\/\/www.triathlon-gemuenden.de\/?p=4999","title":{"rendered":"Nach den Bayer. Meisterschaften im Duathlon Jugendteam immer noch auf Pl. 2"},"content":{"rendered":"<div id='gallery-1' class='gallery galleryid-4999 gallery-columns-3 gallery-size-thumbnail'><figure class='gallery-item'>\n\t\t\t<div class='gallery-icon landscape'>\n\t\t\t\t<a href='https:\/\/www.triathlon-gemuenden.de\/?attachment_id=5005'><img decoding=\"async\" width=\"150\" height=\"150\" src=\"https:\/\/www.triathlon-gemuenden.de\/wp-content\/uploads\/2016\/04\/P1090339-150x150.jpg\" class=\"attachment-thumbnail size-thumbnail\" alt=\"\" aria-describedby=\"gallery-1-5005\" sizes=\"100vw\" \/><\/a>\n\t\t\t<\/div>\n\t\t\t\t<figcaption class='wp-caption-text gallery-caption' id='gallery-1-5005'>\n\t\t\t\tBeim Check-In\n\t\t\t\t<\/figcaption><\/figure><figure class='gallery-item'>\n\t\t\t<div class='gallery-icon landscape'>\n\t\t\t\t<a href='https:\/\/www.triathlon-gemuenden.de\/?attachment_id=5002'><img decoding=\"async\" width=\"150\" height=\"150\" src=\"https:\/\/www.triathlon-gemuenden.de\/wp-content\/uploads\/2016\/04\/P1090346-150x150.jpg\" class=\"attachment-thumbnail size-thumbnail\" alt=\"\" aria-describedby=\"gallery-1-5002\" sizes=\"100vw\" \/><\/a>\n\t\t\t<\/div>\n\t\t\t\t<figcaption class='wp-caption-text gallery-caption' id='gallery-1-5002'>\n\t\t\t\tStart Jugend B\n\t\t\t\t<\/figcaption><\/figure><figure class='gallery-item'>\n\t\t\t<div class='gallery-icon landscape'>\n\t\t\t\t<a href='https:\/\/www.triathlon-gemuenden.de\/?attachment_id=5003'><img decoding=\"async\" width=\"150\" height=\"150\" src=\"https:\/\/www.triathlon-gemuenden.de\/wp-content\/uploads\/2016\/04\/P1090354-150x150.jpg\" class=\"attachment-thumbnail size-thumbnail\" alt=\"\" aria-describedby=\"gallery-1-5003\" sizes=\"100vw\" \/><\/a>\n\t\t\t<\/div>\n\t\t\t\t<figcaption class='wp-caption-text gallery-caption' id='gallery-1-5003'>\n\t\t\t\tPaul  wird guter 16.\n\t\t\t\t<\/figcaption><\/figure><figure class='gallery-item'>\n\t\t\t<div class='gallery-icon landscape'>\n\t\t\t\t<a href='https:\/\/www.triathlon-gemuenden.de\/?attachment_id=5004'><img loading=\"lazy\" decoding=\"async\" width=\"150\" height=\"150\" src=\"https:\/\/www.triathlon-gemuenden.de\/wp-content\/uploads\/2016\/04\/P1090347-150x150.jpg\" class=\"attachment-thumbnail size-thumbnail\" alt=\"\" aria-describedby=\"gallery-1-5004\" sizes=\"100vw\" \/><\/a>\n\t\t\t<\/div>\n\t\t\t\t<figcaption class='wp-caption-text gallery-caption' id='gallery-1-5004'>\n\t\t\t\tAntonia auf dem Weg zu Pl. 5\n\t\t\t\t<\/figcaption><\/figure><figure class='gallery-item'>\n\t\t\t<div class='gallery-icon landscape'>\n\t\t\t\t<a href='https:\/\/www.triathlon-gemuenden.de\/?attachment_id=5001'><img loading=\"lazy\" decoding=\"async\" width=\"150\" height=\"150\" src=\"https:\/\/www.triathlon-gemuenden.de\/wp-content\/uploads\/2016\/04\/P1090391-150x150.jpg\" class=\"attachment-thumbnail size-thumbnail\" alt=\"\" aria-describedby=\"gallery-1-5001\" sizes=\"100vw\" \/><\/a>\n\t\t\t<\/div>\n\t\t\t\t<figcaption class='wp-caption-text gallery-caption' id='gallery-1-5001'>\n\t\t\t\tSiegerehrung Pl. 2 f\u00fcr Antonia Jahrgang 2001\n\t\t\t\t<\/figcaption><\/figure><figure class='gallery-item'>\n\t\t\t<div class='gallery-icon landscape'>\n\t\t\t\t<a href='https:\/\/www.triathlon-gemuenden.de\/?attachment_id=5000'><img loading=\"lazy\" decoding=\"async\" width=\"150\" height=\"150\" src=\"https:\/\/www.triathlon-gemuenden.de\/wp-content\/uploads\/2016\/04\/P1090361-150x150.jpg\" class=\"attachment-thumbnail size-thumbnail\" alt=\"\" aria-describedby=\"gallery-1-5000\" sizes=\"100vw\" \/><\/a>\n\t\t\t<\/div>\n\t\t\t\t<figcaption class='wp-caption-text gallery-caption' id='gallery-1-5000'>\n\t\t\t\tIm Ziel\n\t\t\t\t<\/figcaption><\/figure>\n\t\t<\/div>\n\n<p>Bei den Bayerischen Meisterschaften im Duathlon mu\u00dfte unser Jugendteam um Pl. 2 in der Teamwertung hart k\u00e4mpfen. Antonia (5.)\u00a0 Lea (12.) Greta (18.) und Elena (19.) verteidigten den 2. P. in der Mannschaftwertung vor dem Team Mittelfranken.<\/p>\n<p>In der Einzelwertung liegt Antonia Gardeike nach den 3 Swim&amp;Runs in M\u00fcnchen, W\u00fcrzburg, und Weiden, sowie dem Duathlon in Hilpoltstein hinter der M\u00fcnchenerin Luisa Geist und der Schongauerin Franca Henseleit weiterhin auf Pl. 3. Lea Brand verbesserte sich auf den 9. Gesamtrang.<\/p>\n<p>Paul Weigand kam nach 2,5 km Laufen &#8211; 10 km Rad und 1,0 km Laufen bei kalten aber trockenen Wetterbedingungen nach 32:54min mit einer sehr guten Leistung als 16. ins Ziel.<\/p>\n<p>N\u00e4chster Wettkampf des Bayerischen Jugencups ist am 14.05.2016 in Weiden. Dort steht ein Triathlon auf dem Programm.<\/p>\n","protected":false},"excerpt":{"rendered":"<p>Bei den Bayerischen Meisterschaften im Duathlon mu\u00dfte unser Jugendteam um Pl. 2 in der Teamwertung hart k\u00e4mpfen. Antonia (5.)\u00a0 Lea (12.) Greta (18.) und Elena (19.) verteidigten den 2. P. in der Mannschaftwertung vor dem Team Mittelfranken. In der Einzelwertung liegt Antonia Gardeike nach den 3 Swim&amp;Runs in M\u00fcnchen, W\u00fcrzburg, und Weiden, sowie dem Duathlon &hellip; <\/p>\n<p class=\"link-more\"><a href=\"https:\/\/www.triathlon-gemuenden.de\/?p=4999\" class=\"more-link\">Mehr <span class=\"screen-reader-text\">\u00fcber &#8222;Nach den Bayer. Meisterschaften im Duathlon Jugendteam immer noch auf Pl. 2&#8220; <\/span>Lesen<\/a><\/p>\n","protected":false},"author":3,"featured_media":5002,"comment_status":"closed","ping_status":"closed","sticky":false,"template":"","format":"standard","meta":{"footnotes":""},"categories":[1],"tags":[],"class_list":["post-4999","post","type-post","status-publish","format-standard","has-post-thumbnail","hentry","category-news"],"_links":{"self":[{"href":"https:\/\/www.triathlon-gemuenden.de\/index.php?rest_route=\/wp\/v2\/posts\/4999","targetHints":{"allow":["GET"]}}],"collection":[{"href":"https:\/\/www.triathlon-gemuenden.de\/index.php?rest_route=\/wp\/v2\/posts"}],"about":[{"href":"https:\/\/www.triathlon-gemuenden.de\/index.php?rest_route=\/wp\/v2\/types\/post"}],"author":[{"embeddable":true,"href":"https:\/\/www.triathlon-gemuenden.de\/index.php?rest_route=\/wp\/v2\/users\/3"}],"replies":[{"embeddable":true,"href":"https:\/\/www.triathlon-gemuenden.de\/index.php?rest_route=%2Fwp%2Fv2%2Fcomments&post=4999"}],"version-history":[{"count":5,"href":"https:\/\/www.triathlon-gemuenden.de\/index.php?rest_route=\/wp\/v2\/posts\/4999\/revisions"}],"predecessor-version":[{"id":5014,"href":"https:\/\/www.triathlon-gemuenden.de\/index.php?rest_route=\/wp\/v2\/posts\/4999\/revisions\/5014"}],"wp:featuredmedia":[{"embeddable":true,"href":"https:\/\/www.triathlon-gemuenden.de\/index.php?rest_route=\/wp\/v2\/media\/5002"}],"wp:attachment":[{"href":"https:\/\/www.triathlon-gemuenden.de\/index.php?rest_route=%2Fwp%2Fv2%2Fmedia&parent=4999"}],"wp:term":[{"taxonomy":"category","embeddable":true,"href":"https:\/\/www.triathlon-gemuenden.de\/index.php?rest_route=%2Fwp%2Fv2%2Fcategories&post=4999"},{"taxonomy":"post_tag","embeddable":true,"href":"https:\/\/www.triathlon-gemuenden.de\/index.php?rest_route=%2Fwp%2Fv2%2Ftags&post=4999"}],"curies":[{"name":"wp","href":"https:\/\/api.w.org\/{rel}","templated":true}]}}